{"id":9147,"date":"2023-09-18T23:19:03","date_gmt":"2023-09-18T21:19:03","guid":{"rendered":"https:\/\/refubees.org\/?p=9147"},"modified":"2026-02-18T09:39:33","modified_gmt":"2026-02-18T08:39:33","slug":"pioneer-symposium-bei-de-balie","status":"publish","type":"post","link":"https:\/\/refubees.org\/de\/pioneer-symposium-bei-de-balie\/","title":{"rendered":"&#8218;Pioneer&#8216; Symposium bei De Balie"},"content":{"rendered":"\nDe Balie ist eine bekannte Plattform f\u00fcr Diskussionen \u00fcber Kunst, Kultur und Politik in Amsterdam.\n\n\n\nIn der Reihe \"The Frontrunners\" (Pioneers) trifft Gespr\u00e4chsleiter Teun van de Keuken Menschen, die bereits L\u00f6sungen f\u00fcr die Zukunft in die Praxis umsetzen. Was k\u00f6nnen wir von diesen Vorreitern lernen? Wie k\u00f6nnen wir ihre praktischen Erfahrungen in politische Zusammenarbeit umsetzen, so dass auch die anderen niederl\u00e4ndischen Beh\u00f6rden (und m\u00f6glicherweise die gesamte EU) den \u00dcbergang mitgestalten k\u00f6nnen?\n\n\n\nF\u00fcr diese Veranstaltung haben sie sich an Hans Kalliwoda gewandt, der f\u00fcr seine Erfahrung mit interdisziplin\u00e4ren Kooperationen bekannt ist, die Kunst und Wissenschaft miteinander verbinden, um greifbare Ver\u00e4nderungen zu bewirken.\n\n\n\nKomprimierte Videoversion (mit allen wichtigen Aussagen der Teilnehmer und G\u00e4ste) des De Balie Symposiums, Amsterdam 26. 06. 2023 22 min.\n\n\n\n\n\n\n\n<figure class=\"wp-block-video\"><video height=\"1080\" style=\"aspect-ratio: 1920 \/ 1080;\" width=\"1920\" controls poster=\"https:\/\/refubees.org\/wp-content\/uploads\/2023\/09\/Balie-with-Subitles_thumb2.jpg\" src=\"https:\/\/refubees.org\/wp-content\/uploads\/2023\/09\/Balie-with-Subitles.mp4\"><\/video><\/figure>\n\n\n\n<figure class=\"wp-block-image size-full is-resized\"><img loading=\"lazy\" decoding=\"async\" src=\"https:\/\/refubees.org\/wp-content\/uploads\/2023\/09\/list-speakers-Balie.jpg\" alt=\"\" class=\"wp-image-8052\" style=\"width:252px;height:708px\" width=\"252\" height=\"708\" srcset=\"https:\/\/refubees.org\/wp-content\/uploads\/2023\/09\/list-speakers-Balie.jpg 331w, https:\/\/refubees.org\/wp-content\/uploads\/2023\/09\/list-speakers-Balie-107x300.jpg 107w\" sizes=\"(max-width: 252px) 100vw, 252px\" \/><\/figure>\n","protected":false},"excerpt":{"rendered":"<p>In der Reihe &#8222;The Frontrunners&#8220; (Pioneers) trifft Gespr\u00e4chsleiter Teun van de Keuken, Hans Kalliwoda<\/p>\n","protected":false},"author":2,"featured_media":10108,"comment_status":"closed","ping_status":"closed","sticky":false,"template":"","format":"video","meta":{"footnotes":""},"categories":[44,39],"tags":[],"class_list":["post-9147","post","type-post","status-publish","format-video","has-post-thumbnail","hentry","category-medien","category-symposien","post_format-post-format-video"],"_links":{"self":[{"href":"https:\/\/refubees.org\/de\/wp-json\/wp\/v2\/posts\/9147","targetHints":{"allow":["GET"]}}],"collection":[{"href":"https:\/\/refubees.org\/de\/wp-json\/wp\/v2\/posts"}],"about":[{"href":"https:\/\/refubees.org\/de\/wp-json\/wp\/v2\/types\/post"}],"author":[{"embeddable":true,"href":"https:\/\/refubees.org\/de\/wp-json\/wp\/v2\/users\/2"}],"replies":[{"embeddable":true,"href":"https:\/\/refubees.org\/de\/wp-json\/wp\/v2\/comments?post=9147"}],"version-history":[{"count":2,"href":"https:\/\/refubees.org\/de\/wp-json\/wp\/v2\/posts\/9147\/revisions"}],"predecessor-version":[{"id":13908,"href":"https:\/\/refubees.org\/de\/wp-json\/wp\/v2\/posts\/9147\/revisions\/13908"}],"wp:featuredmedia":[{"embeddable":true,"href":"https:\/\/refubees.org\/de\/wp-json\/wp\/v2\/media\/10108"}],"wp:attachment":[{"href":"https:\/\/refubees.org\/de\/wp-json\/wp\/v2\/media?parent=9147"}],"wp:term":[{"taxonomy":"category","embeddable":true,"href":"https:\/\/refubees.org\/de\/wp-json\/wp\/v2\/categories?post=9147"},{"taxonomy":"post_tag","embeddable":true,"href":"https:\/\/refubees.org\/de\/wp-json\/wp\/v2\/tags?post=9147"}],"curies":[{"name":"wp","href":"https:\/\/api.w.org\/{rel}","templated":true}]}}